
			
				
				
					
				

			
		{"items":"\n\t\t\t\t\t\t\t\t\t\t\t\n<article id=\"post-10644\" class=\"blog-design-meta-image blog-post-loop blog-style-bg wd-add-shadow  col-lg-4 col-md-4 col-sm-6 col-12 post-10644 post type-post status-publish format-standard has-post-thumbnail hentry category-greenpeace\">\n\t\t\t<div class=\"wd-post-inner\">\n\t\n\t<div class=\"wd-post-thumb color-scheme-light\">\n\t\t<div class=\"wd-post-img\">\n\t\t\t<img width=\"750\" height=\"960\" src=\"https:\/\/useoccs.com.br\/wp-content\/uploads\/2023\/05\/B1.jpg\" class=\"attachment-large size-large wp-image-10630\" alt=\"\" decoding=\"async\" srcset=\"https:\/\/useoccs.com.br\/wp-content\/uploads\/2023\/05\/B1.jpg 750w, https:\/\/useoccs.com.br\/wp-content\/uploads\/2023\/05\/B1-234x300.jpg 234w, https:\/\/useoccs.com.br\/wp-content\/uploads\/2023\/05\/B1-148x189.jpg 148w\" sizes=\"(max-width: 750px) 100vw, 750px\" loading=\"lazy\" \/>\t\t<\/div>\n\n\t\t\t\t<a class=\"wd-post-link wd-fill\" href=\"https:\/\/useoccs.com.br\/iniciativas\/greenpeace\/somos-doadores-gp-brasil\/\" rel=\"bookmark\" aria-label=\"Link on post Somos doadores GP Brasil\"><\/a>\n\n\t\t<div class=\"wd-post-header\">\n\t\t\t\t\t\t\t<div class=\"wd-meta-author\">\n\t\t\t\t\t\t\t<span>\n\t\t\t\t\t<\/span>\n\n\t\t\t\t\t<img alt='author-avatar' src='https:\/\/secure.gravatar.com\/avatar\/d3d09f30547d3dcdc591edc604ec6590b41e8cad2cc972227c448a27f06c19e0?s=32&#038;r=g' srcset='https:\/\/secure.gravatar.com\/avatar\/d3d09f30547d3dcdc591edc604ec6590b41e8cad2cc972227c448a27f06c19e0?s=64&#038;r=g 2x' class='avatar avatar-32 photo' height='32' width='32' decoding='async'\/>\t\t\n\t\t<a href=\"https:\/\/useoccs.com.br\/author\/adm2n\/\" rel=\"author\">\n\t\t\t<span class=\"vcard author author_name\">\n\t\t\t\t<span class=\"fn\">OCCs<\/span>\n\t\t\t<\/span>\n\t\t<\/a>\n\t\t\t\t\t\t<\/div>\n\t\t\t\n\t\t\t<div class=\"wd-post-actions\">\n\t\t\t\t\t\t\t\t\t<div class=\"wd-post-share wd-tltp wd-tltp-left\">\n\t\t\t\t\t\t<div class=\"wd-tooltip-label\">\n\t\t\t\t\t\t\t\t\t\t<link rel=\"stylesheet\" id=\"wd-social-icons-css\" href=\"https:\/\/useoccs.com.br\/wp-content\/themes\/woodmart\/css\/parts\/el-social-icons.min.css?ver=7.2.4\" type=\"text\/css\" media=\"all\" \/> \t\t\t\n\t\t\t<div class=\"wd-social-icons icons-design-default icons-size-small color-scheme-light social-share social-form-circle text-center\">\n\n\t\t\t\t\n\t\t\t\t\t\t\t\t\t<a rel=\"noopener noreferrer nofollow\" href=\"https:\/\/www.facebook.com\/sharer\/sharer.php?u=https:\/\/useoccs.com.br\/iniciativas\/greenpeace\/somos-doadores-gp-brasil\/\" target=\"_blank\" class=\" wd-social-icon social-facebook\" aria-label=\"Facebook social link\">\n\t\t\t\t\t\t<span class=\"wd-icon\"><\/span>\n\t\t\t\t\t\t\t\t\t\t\t<\/a>\n\t\t\t\t\n\t\t\t\t\t\t\t\t\t<a rel=\"noopener noreferrer nofollow\" href=\"https:\/\/twitter.com\/share?url=https:\/\/useoccs.com.br\/iniciativas\/greenpeace\/somos-doadores-gp-brasil\/\" target=\"_blank\" class=\" wd-social-icon social-twitter\" aria-label=\"Twitter social link\">\n\t\t\t\t\t\t<span class=\"wd-icon\"><\/span>\n\t\t\t\t\t\t\t\t\t\t\t<\/a>\n\t\t\t\t\n\t\t\t\t\n\t\t\t\t\n\t\t\t\t\n\t\t\t\t\t\t\t\t\t<a rel=\"noopener noreferrer nofollow\" href=\"https:\/\/pinterest.com\/pin\/create\/button\/?url=https:\/\/useoccs.com.br\/iniciativas\/greenpeace\/somos-doadores-gp-brasil\/&media=https:\/\/useoccs.com.br\/wp-content\/uploads\/2023\/05\/B1.jpg&description=Somos+doadores+GP+Brasil\" target=\"_blank\" class=\" wd-social-icon social-pinterest\" aria-label=\"Pinterest social link\">\n\t\t\t\t\t\t<span class=\"wd-icon\"><\/span>\n\t\t\t\t\t\t\t\t\t\t\t<\/a>\n\t\t\t\t\n\t\t\t\t\n\t\t\t\t\t\t\t\t\t<a rel=\"noopener noreferrer nofollow\" href=\"https:\/\/www.linkedin.com\/shareArticle?mini=true&url=https:\/\/useoccs.com.br\/iniciativas\/greenpeace\/somos-doadores-gp-brasil\/\" target=\"_blank\" class=\" wd-social-icon social-linkedin\" aria-label=\"Linkedin social link\">\n\t\t\t\t\t\t<span class=\"wd-icon\"><\/span>\n\t\t\t\t\t\t\t\t\t\t\t<\/a>\n\t\t\t\t\n\t\t\t\t\n\t\t\t\t\n\t\t\t\t\n\t\t\t\t\n\t\t\t\t\n\t\t\t\t\n\t\t\t\t\n\t\t\t\t\n\t\t\t\t\n\t\t\t\t\t\t\t\t\n\t\t\t\t\t\t\t\t\n\t\t\t\t\n\t\t\t\t\t\t\t\t\t<a rel=\"noopener noreferrer nofollow\" href=\"https:\/\/telegram.me\/share\/url?url=https:\/\/useoccs.com.br\/iniciativas\/greenpeace\/somos-doadores-gp-brasil\/\" target=\"_blank\" class=\" wd-social-icon social-tg\" aria-label=\"Telegram social link\">\n\t\t\t\t\t\t<span class=\"wd-icon\"><\/span>\n\t\t\t\t\t\t\t\t\t\t\t<\/a>\n\t\t\t\t\t\t\t\t\n\t\t\t\t\n\t\t\t<\/div>\n\n\t\t\t\t\t\t\t\t<\/div>\n\t\t\t\t\t<\/div>\n\t\t\t\t\n\t\t\t\t\t\t\t\t\t<div class=\"wd-meta-reply\">\n\t\t\t\t\t\t<a href=\"https:\/\/useoccs.com.br\/iniciativas\/greenpeace\/somos-doadores-gp-brasil\/#respond\"><span class=\"replies-count\">0<\/span> <span class=\"replies-count-label\">coment\u00e1rios<\/span><\/a>\t\t\t\t\t<\/div>\n\t\t\t\t\t\t\t<\/div>\n\t\t<\/div>\n\t<\/div>\n\n\t<div class=\"wd-post-content\">\n\t\t<div class=\"wd-post-entry-meta\">\n\t\t\t\t\t\t\t\t\t\t<div class=\"wd-post-cat wd-style-default\">\n\t\t\t\t\t<a href=\"https:\/\/useoccs.com.br\/category\/iniciativas\/greenpeace\/\" rel=\"category tag\">Greenpeace<\/a>\t\t\t\t<\/div>\n\t\t\t\n\t\t\t<div class=\"wd-modified-date\">\n\t\t\t\t\t\t<time class=\"updated\" datetime=\"2023-05-23T18:24:00-03:00\">\n\t\t\t23\/05\/2023\t\t<\/time>\n\t\t\t\t\t<\/div>\n\n\t\t\t<div class=\"wd-meta-date\">\n\t\t\t\t10 maio 2023\t\t\t<\/div>\n\t\t<\/div>\n\n\t\t\t\t\t<h3 class=\"wd-entities-title title post-title\">\n\t\t\t\t<a href=\"https:\/\/useoccs.com.br\/iniciativas\/greenpeace\/somos-doadores-gp-brasil\/\" rel=\"bookmark\">\n\t\t\t\t\tSomos doadores GP Brasil\t\t\t\t<\/a>\n\t\t\t<\/h3>\n\t\t\n\t\t<div class=\"wd-entry-content\">\n\t\t\t\t\t\t\t\nComo pessoas f\u00edsicas, somos doadores para o Greenpeace Brasil, precisamos mudar nossa forma de consumo, precisamos de equil\u00edbrio...\t\t\t\t\t\t\t\t\t<\/div>\n\n\t\t\t\t\t<div class=\"wd-read-more\">\n\t\t\t\t<a class=\"btn-read-more more-link\" href=\"https:\/\/useoccs.com.br\/iniciativas\/greenpeace\/somos-doadores-gp-brasil\/\">Saiba mais<\/a>\t\t\t<\/div>\n\t\t\t<\/div>\n\n\t\t\t<\/div>\n\t<\/article>\n\t\t\t\t\t\t\t\t\t\t\t\n<article id=\"post-10641\" class=\"blog-design-meta-image blog-post-loop blog-style-bg wd-add-shadow  col-lg-4 col-md-4 col-sm-6 col-12 post-10641 post type-post status-publish format-standard has-post-thumbnail hentry category-medicos-sem-fronteiras\">\n\t\t\t<div class=\"wd-post-inner\">\n\t\n\t<div class=\"wd-post-thumb color-scheme-light\">\n\t\t<div class=\"wd-post-img\">\n\t\t\t<img width=\"1024\" height=\"683\" src=\"https:\/\/useoccs.com.br\/wp-content\/uploads\/2023\/05\/3-A3B23F77-611A-461D-92EC-67500CF7E262-1024x683.jpg\" class=\"attachment-large size-large wp-image-10642\" alt=\"\" decoding=\"async\" srcset=\"https:\/\/useoccs.com.br\/wp-content\/uploads\/2023\/05\/3-A3B23F77-611A-461D-92EC-67500CF7E262-1024x683.jpg 1024w, https:\/\/useoccs.com.br\/wp-content\/uploads\/2023\/05\/3-A3B23F77-611A-461D-92EC-67500CF7E262-300x200.jpg 300w, https:\/\/useoccs.com.br\/wp-content\/uploads\/2023\/05\/3-A3B23F77-611A-461D-92EC-67500CF7E262-768x512.jpg 768w, https:\/\/useoccs.com.br\/wp-content\/uploads\/2023\/05\/3-A3B23F77-611A-461D-92EC-67500CF7E262-1536x1025.jpg 1536w, https:\/\/useoccs.com.br\/wp-content\/uploads\/2023\/05\/3-A3B23F77-611A-461D-92EC-67500CF7E262-2048x1366.jpg 2048w, https:\/\/useoccs.com.br\/wp-content\/uploads\/2023\/05\/3-A3B23F77-611A-461D-92EC-67500CF7E262-1200x800.jpg 1200w, https:\/\/useoccs.com.br\/wp-content\/uploads\/2023\/05\/3-A3B23F77-611A-461D-92EC-67500CF7E262-148x99.jpg 148w\" sizes=\"(max-width: 1024px) 100vw, 1024px\" loading=\"lazy\" \/>\t\t<\/div>\n\n\t\t\t\t<a class=\"wd-post-link wd-fill\" href=\"https:\/\/useoccs.com.br\/iniciativas\/medicos-sem-fronteiras\/doar-da-esperanca\/\" rel=\"bookmark\" aria-label=\"Link on post Doar d\u00e1 esperan\u00e7a.\"><\/a>\n\n\t\t<div class=\"wd-post-header\">\n\t\t\t\t\t\t\t<div class=\"wd-meta-author\">\n\t\t\t\t\t\t\t<span>\n\t\t\t\t\t<\/span>\n\n\t\t\t\t\t<img alt='author-avatar' src='https:\/\/secure.gravatar.com\/avatar\/d3d09f30547d3dcdc591edc604ec6590b41e8cad2cc972227c448a27f06c19e0?s=32&#038;r=g' srcset='https:\/\/secure.gravatar.com\/avatar\/d3d09f30547d3dcdc591edc604ec6590b41e8cad2cc972227c448a27f06c19e0?s=64&#038;r=g 2x' class='avatar avatar-32 photo' height='32' width='32' decoding='async'\/>\t\t\n\t\t<a href=\"https:\/\/useoccs.com.br\/author\/adm2n\/\" rel=\"author\">\n\t\t\t<span class=\"vcard author author_name\">\n\t\t\t\t<span class=\"fn\">OCCs<\/span>\n\t\t\t<\/span>\n\t\t<\/a>\n\t\t\t\t\t\t<\/div>\n\t\t\t\n\t\t\t<div class=\"wd-post-actions\">\n\t\t\t\t\t\t\t\t\t<div class=\"wd-post-share wd-tltp wd-tltp-left\">\n\t\t\t\t\t\t<div class=\"wd-tooltip-label\">\n\t\t\t\t\t\t\t\n\t\t\t<div class=\"wd-social-icons icons-design-default icons-size-small color-scheme-light social-share social-form-circle text-center\">\n\n\t\t\t\t\n\t\t\t\t\t\t\t\t\t<a rel=\"noopener noreferrer nofollow\" href=\"https:\/\/www.facebook.com\/sharer\/sharer.php?u=https:\/\/useoccs.com.br\/iniciativas\/medicos-sem-fronteiras\/doar-da-esperanca\/\" target=\"_blank\" class=\" wd-social-icon social-facebook\" aria-label=\"Facebook social link\">\n\t\t\t\t\t\t<span class=\"wd-icon\"><\/span>\n\t\t\t\t\t\t\t\t\t\t\t<\/a>\n\t\t\t\t\n\t\t\t\t\t\t\t\t\t<a rel=\"noopener noreferrer nofollow\" href=\"https:\/\/twitter.com\/share?url=https:\/\/useoccs.com.br\/iniciativas\/medicos-sem-fronteiras\/doar-da-esperanca\/\" target=\"_blank\" class=\" wd-social-icon social-twitter\" aria-label=\"Twitter social link\">\n\t\t\t\t\t\t<span class=\"wd-icon\"><\/span>\n\t\t\t\t\t\t\t\t\t\t\t<\/a>\n\t\t\t\t\n\t\t\t\t\n\t\t\t\t\n\t\t\t\t\n\t\t\t\t\t\t\t\t\t<a rel=\"noopener noreferrer nofollow\" href=\"https:\/\/pinterest.com\/pin\/create\/button\/?url=https:\/\/useoccs.com.br\/iniciativas\/medicos-sem-fronteiras\/doar-da-esperanca\/&media=https:\/\/useoccs.com.br\/wp-content\/uploads\/2023\/05\/3-A3B23F77-611A-461D-92EC-67500CF7E262-scaled.jpg&description=Doar+d%C3%A1+esperan%C3%A7a.\" target=\"_blank\" class=\" wd-social-icon social-pinterest\" aria-label=\"Pinterest social link\">\n\t\t\t\t\t\t<span class=\"wd-icon\"><\/span>\n\t\t\t\t\t\t\t\t\t\t\t<\/a>\n\t\t\t\t\n\t\t\t\t\n\t\t\t\t\t\t\t\t\t<a rel=\"noopener noreferrer nofollow\" href=\"https:\/\/www.linkedin.com\/shareArticle?mini=true&url=https:\/\/useoccs.com.br\/iniciativas\/medicos-sem-fronteiras\/doar-da-esperanca\/\" target=\"_blank\" class=\" wd-social-icon social-linkedin\" aria-label=\"Linkedin social link\">\n\t\t\t\t\t\t<span class=\"wd-icon\"><\/span>\n\t\t\t\t\t\t\t\t\t\t\t<\/a>\n\t\t\t\t\n\t\t\t\t\n\t\t\t\t\n\t\t\t\t\n\t\t\t\t\n\t\t\t\t\n\t\t\t\t\n\t\t\t\t\n\t\t\t\t\n\t\t\t\t\n\t\t\t\t\t\t\t\t\n\t\t\t\t\t\t\t\t\n\t\t\t\t\n\t\t\t\t\t\t\t\t\t<a rel=\"noopener noreferrer nofollow\" href=\"https:\/\/telegram.me\/share\/url?url=https:\/\/useoccs.com.br\/iniciativas\/medicos-sem-fronteiras\/doar-da-esperanca\/\" target=\"_blank\" class=\" wd-social-icon social-tg\" aria-label=\"Telegram social link\">\n\t\t\t\t\t\t<span class=\"wd-icon\"><\/span>\n\t\t\t\t\t\t\t\t\t\t\t<\/a>\n\t\t\t\t\t\t\t\t\n\t\t\t\t\n\t\t\t<\/div>\n\n\t\t\t\t\t\t\t\t<\/div>\n\t\t\t\t\t<\/div>\n\t\t\t\t\n\t\t\t\t\t\t\t\t\t<div class=\"wd-meta-reply\">\n\t\t\t\t\t\t<a href=\"https:\/\/useoccs.com.br\/iniciativas\/medicos-sem-fronteiras\/doar-da-esperanca\/#respond\"><span class=\"replies-count\">0<\/span> <span class=\"replies-count-label\">coment\u00e1rios<\/span><\/a>\t\t\t\t\t<\/div>\n\t\t\t\t\t\t\t<\/div>\n\t\t<\/div>\n\t<\/div>\n\n\t<div class=\"wd-post-content\">\n\t\t<div class=\"wd-post-entry-meta\">\n\t\t\t\t\t\t\t\t\t\t<div class=\"wd-post-cat wd-style-default\">\n\t\t\t\t\t<a href=\"https:\/\/useoccs.com.br\/category\/iniciativas\/medicos-sem-fronteiras\/\" rel=\"category tag\">M\u00e9dicos Sem Fronteiras<\/a>\t\t\t\t<\/div>\n\t\t\t\n\t\t\t<div class=\"wd-modified-date\">\n\t\t\t\t\t\t<time class=\"updated\" datetime=\"2023-05-23T18:24:00-03:00\">\n\t\t\t23\/05\/2023\t\t<\/time>\n\t\t\t\t\t<\/div>\n\n\t\t\t<div class=\"wd-meta-date\">\n\t\t\t\t10 maio 2023\t\t\t<\/div>\n\t\t<\/div>\n\n\t\t\t\t\t<h3 class=\"wd-entities-title title post-title\">\n\t\t\t\t<a href=\"https:\/\/useoccs.com.br\/iniciativas\/medicos-sem-fronteiras\/doar-da-esperanca\/\" rel=\"bookmark\">\n\t\t\t\t\tDoar d\u00e1 esperan\u00e7a.\t\t\t\t<\/a>\n\t\t\t<\/h3>\n\t\t\n\t\t<div class=\"wd-entry-content\">\n\t\t\t\t\t\t\t\nZoule foi resgatado pelo MSF quando fugiu de Camar\u00f5es quando tinha 14 anos em busca de um futuro melhor. Sua jornada foi muito d...\t\t\t\t\t\t\t\t\t<\/div>\n\n\t\t\t\t\t<div class=\"wd-read-more\">\n\t\t\t\t<a class=\"btn-read-more more-link\" href=\"https:\/\/useoccs.com.br\/iniciativas\/medicos-sem-fronteiras\/doar-da-esperanca\/\">Saiba mais<\/a>\t\t\t<\/div>\n\t\t\t<\/div>\n\n\t\t\t<\/div>\n\t<\/article>\n\t\t\t\t\t\t\t\t\t\t\t\n<article id=\"post-10638\" class=\"blog-design-meta-image blog-post-loop blog-style-bg wd-add-shadow  col-lg-4 col-md-4 col-sm-6 col-12 post-10638 post type-post status-publish format-standard has-post-thumbnail hentry category-medicos-sem-fronteiras\">\n\t\t\t<div class=\"wd-post-inner\">\n\t\n\t<div class=\"wd-post-thumb color-scheme-light\">\n\t\t<div class=\"wd-post-img\">\n\t\t\t<img width=\"1024\" height=\"1024\" src=\"https:\/\/useoccs.com.br\/wp-content\/uploads\/2023\/05\/2-EA8A33FC-F881-4673-97FA-A90E88D58A4B-1024x1024.jpg\" class=\"attachment-large size-large wp-image-10639\" alt=\"\" decoding=\"async\" srcset=\"https:\/\/useoccs.com.br\/wp-content\/uploads\/2023\/05\/2-EA8A33FC-F881-4673-97FA-A90E88D58A4B-1024x1024.jpg 1024w, https:\/\/useoccs.com.br\/wp-content\/uploads\/2023\/05\/2-EA8A33FC-F881-4673-97FA-A90E88D58A4B-300x300.jpg 300w, https:\/\/useoccs.com.br\/wp-content\/uploads\/2023\/05\/2-EA8A33FC-F881-4673-97FA-A90E88D58A4B-150x150.jpg 150w, https:\/\/useoccs.com.br\/wp-content\/uploads\/2023\/05\/2-EA8A33FC-F881-4673-97FA-A90E88D58A4B-768x768.jpg 768w, https:\/\/useoccs.com.br\/wp-content\/uploads\/2023\/05\/2-EA8A33FC-F881-4673-97FA-A90E88D58A4B-1536x1536.jpg 1536w, https:\/\/useoccs.com.br\/wp-content\/uploads\/2023\/05\/2-EA8A33FC-F881-4673-97FA-A90E88D58A4B-2048x2048.jpg 2048w, https:\/\/useoccs.com.br\/wp-content\/uploads\/2023\/05\/2-EA8A33FC-F881-4673-97FA-A90E88D58A4B-1200x1200.jpg 1200w, https:\/\/useoccs.com.br\/wp-content\/uploads\/2023\/05\/2-EA8A33FC-F881-4673-97FA-A90E88D58A4B-600x600.jpg 600w, https:\/\/useoccs.com.br\/wp-content\/uploads\/2023\/05\/2-EA8A33FC-F881-4673-97FA-A90E88D58A4B-148x148.jpg 148w\" sizes=\"(max-width: 1024px) 100vw, 1024px\" loading=\"lazy\" \/>\t\t<\/div>\n\n\t\t\t\t<a class=\"wd-post-link wd-fill\" href=\"https:\/\/useoccs.com.br\/iniciativas\/medicos-sem-fronteiras\/apoie-quem-faz\/\" rel=\"bookmark\" aria-label=\"Link on post Apoie quem faz.\"><\/a>\n\n\t\t<div class=\"wd-post-header\">\n\t\t\t\t\t\t\t<div class=\"wd-meta-author\">\n\t\t\t\t\t\t\t<span>\n\t\t\t\t\t<\/span>\n\n\t\t\t\t\t<img alt='author-avatar' src='https:\/\/secure.gravatar.com\/avatar\/d3d09f30547d3dcdc591edc604ec6590b41e8cad2cc972227c448a27f06c19e0?s=32&#038;r=g' srcset='https:\/\/secure.gravatar.com\/avatar\/d3d09f30547d3dcdc591edc604ec6590b41e8cad2cc972227c448a27f06c19e0?s=64&#038;r=g 2x' class='avatar avatar-32 photo' height='32' width='32' decoding='async'\/>\t\t\n\t\t<a href=\"https:\/\/useoccs.com.br\/author\/adm2n\/\" rel=\"author\">\n\t\t\t<span class=\"vcard author author_name\">\n\t\t\t\t<span class=\"fn\">OCCs<\/span>\n\t\t\t<\/span>\n\t\t<\/a>\n\t\t\t\t\t\t<\/div>\n\t\t\t\n\t\t\t<div class=\"wd-post-actions\">\n\t\t\t\t\t\t\t\t\t<div class=\"wd-post-share wd-tltp wd-tltp-left\">\n\t\t\t\t\t\t<div class=\"wd-tooltip-label\">\n\t\t\t\t\t\t\t\n\t\t\t<div class=\"wd-social-icons icons-design-default icons-size-small color-scheme-light social-share social-form-circle text-center\">\n\n\t\t\t\t\n\t\t\t\t\t\t\t\t\t<a rel=\"noopener noreferrer nofollow\" href=\"https:\/\/www.facebook.com\/sharer\/sharer.php?u=https:\/\/useoccs.com.br\/iniciativas\/medicos-sem-fronteiras\/apoie-quem-faz\/\" target=\"_blank\" class=\" wd-social-icon social-facebook\" aria-label=\"Facebook social link\">\n\t\t\t\t\t\t<span class=\"wd-icon\"><\/span>\n\t\t\t\t\t\t\t\t\t\t\t<\/a>\n\t\t\t\t\n\t\t\t\t\t\t\t\t\t<a rel=\"noopener noreferrer nofollow\" href=\"https:\/\/twitter.com\/share?url=https:\/\/useoccs.com.br\/iniciativas\/medicos-sem-fronteiras\/apoie-quem-faz\/\" target=\"_blank\" class=\" wd-social-icon social-twitter\" aria-label=\"Twitter social link\">\n\t\t\t\t\t\t<span class=\"wd-icon\"><\/span>\n\t\t\t\t\t\t\t\t\t\t\t<\/a>\n\t\t\t\t\n\t\t\t\t\n\t\t\t\t\n\t\t\t\t\n\t\t\t\t\t\t\t\t\t<a rel=\"noopener noreferrer nofollow\" href=\"https:\/\/pinterest.com\/pin\/create\/button\/?url=https:\/\/useoccs.com.br\/iniciativas\/medicos-sem-fronteiras\/apoie-quem-faz\/&media=https:\/\/useoccs.com.br\/wp-content\/uploads\/2023\/05\/2-EA8A33FC-F881-4673-97FA-A90E88D58A4B-scaled.jpg&description=Apoie+quem+faz.\" target=\"_blank\" class=\" wd-social-icon social-pinterest\" aria-label=\"Pinterest social link\">\n\t\t\t\t\t\t<span class=\"wd-icon\"><\/span>\n\t\t\t\t\t\t\t\t\t\t\t<\/a>\n\t\t\t\t\n\t\t\t\t\n\t\t\t\t\t\t\t\t\t<a rel=\"noopener noreferrer nofollow\" href=\"https:\/\/www.linkedin.com\/shareArticle?mini=true&url=https:\/\/useoccs.com.br\/iniciativas\/medicos-sem-fronteiras\/apoie-quem-faz\/\" target=\"_blank\" class=\" wd-social-icon social-linkedin\" aria-label=\"Linkedin social link\">\n\t\t\t\t\t\t<span class=\"wd-icon\"><\/span>\n\t\t\t\t\t\t\t\t\t\t\t<\/a>\n\t\t\t\t\n\t\t\t\t\n\t\t\t\t\n\t\t\t\t\n\t\t\t\t\n\t\t\t\t\n\t\t\t\t\n\t\t\t\t\n\t\t\t\t\n\t\t\t\t\n\t\t\t\t\t\t\t\t\n\t\t\t\t\t\t\t\t\n\t\t\t\t\n\t\t\t\t\t\t\t\t\t<a rel=\"noopener noreferrer nofollow\" href=\"https:\/\/telegram.me\/share\/url?url=https:\/\/useoccs.com.br\/iniciativas\/medicos-sem-fronteiras\/apoie-quem-faz\/\" target=\"_blank\" class=\" wd-social-icon social-tg\" aria-label=\"Telegram social link\">\n\t\t\t\t\t\t<span class=\"wd-icon\"><\/span>\n\t\t\t\t\t\t\t\t\t\t\t<\/a>\n\t\t\t\t\t\t\t\t\n\t\t\t\t\n\t\t\t<\/div>\n\n\t\t\t\t\t\t\t\t<\/div>\n\t\t\t\t\t<\/div>\n\t\t\t\t\n\t\t\t\t\t\t\t\t\t<div class=\"wd-meta-reply\">\n\t\t\t\t\t\t<a href=\"https:\/\/useoccs.com.br\/iniciativas\/medicos-sem-fronteiras\/apoie-quem-faz\/#respond\"><span class=\"replies-count\">0<\/span> <span class=\"replies-count-label\">coment\u00e1rios<\/span><\/a>\t\t\t\t\t<\/div>\n\t\t\t\t\t\t\t<\/div>\n\t\t<\/div>\n\t<\/div>\n\n\t<div class=\"wd-post-content\">\n\t\t<div class=\"wd-post-entry-meta\">\n\t\t\t\t\t\t\t\t\t\t<div class=\"wd-post-cat wd-style-default\">\n\t\t\t\t\t<a href=\"https:\/\/useoccs.com.br\/category\/iniciativas\/medicos-sem-fronteiras\/\" rel=\"category tag\">M\u00e9dicos Sem Fronteiras<\/a>\t\t\t\t<\/div>\n\t\t\t\n\t\t\t<div class=\"wd-modified-date\">\n\t\t\t\t\t\t<time class=\"updated\" datetime=\"2023-05-23T18:24:00-03:00\">\n\t\t\t23\/05\/2023\t\t<\/time>\n\t\t\t\t\t<\/div>\n\n\t\t\t<div class=\"wd-meta-date\">\n\t\t\t\t10 maio 2023\t\t\t<\/div>\n\t\t<\/div>\n\n\t\t\t\t\t<h3 class=\"wd-entities-title title post-title\">\n\t\t\t\t<a href=\"https:\/\/useoccs.com.br\/iniciativas\/medicos-sem-fronteiras\/apoie-quem-faz\/\" rel=\"bookmark\">\n\t\t\t\t\tApoie quem faz.\t\t\t\t<\/a>\n\t\t\t<\/h3>\n\t\t\n\t\t<div class=\"wd-entry-content\">\n\t\t\t\t\t\t\t\nAcesso a servi\u00e7os de sa\u00fade de qualidade \u00e9 um direito e precisa ser assegurado a todos!\n\n\n\t\t\t\t\t\t\t\t\t<\/div>\n\n\t\t\t\t\t<div class=\"wd-read-more\">\n\t\t\t\t<a class=\"btn-read-more more-link\" href=\"https:\/\/useoccs.com.br\/iniciativas\/medicos-sem-fronteiras\/apoie-quem-faz\/\">Saiba mais<\/a>\t\t\t<\/div>\n\t\t\t<\/div>\n\n\t\t\t<\/div>\n\t<\/article>\n\t\t\t\t\t\t\t\t\t\t\t\n<article id=\"post-10636\" class=\"blog-design-meta-image blog-post-loop blog-style-bg wd-add-shadow  col-lg-4 col-md-4 col-sm-6 col-12 post-10636 post type-post status-publish format-standard has-post-thumbnail hentry category-medicos-sem-fronteiras\">\n\t\t\t<div class=\"wd-post-inner\">\n\t\n\t<div class=\"wd-post-thumb color-scheme-light\">\n\t\t<div class=\"wd-post-img\">\n\t\t\t<img width=\"1024\" height=\"683\" src=\"https:\/\/useoccs.com.br\/wp-content\/uploads\/2023\/05\/1-63A7A6B9-6FEC-40C3-BCEE-BD0BD3F734E7-1024x683.jpg\" class=\"attachment-large size-large wp-image-10599\" alt=\"\" decoding=\"async\" srcset=\"https:\/\/useoccs.com.br\/wp-content\/uploads\/2023\/05\/1-63A7A6B9-6FEC-40C3-BCEE-BD0BD3F734E7-1024x683.jpg 1024w, https:\/\/useoccs.com.br\/wp-content\/uploads\/2023\/05\/1-63A7A6B9-6FEC-40C3-BCEE-BD0BD3F734E7-300x200.jpg 300w, https:\/\/useoccs.com.br\/wp-content\/uploads\/2023\/05\/1-63A7A6B9-6FEC-40C3-BCEE-BD0BD3F734E7-768x512.jpg 768w, https:\/\/useoccs.com.br\/wp-content\/uploads\/2023\/05\/1-63A7A6B9-6FEC-40C3-BCEE-BD0BD3F734E7-1536x1025.jpg 1536w, https:\/\/useoccs.com.br\/wp-content\/uploads\/2023\/05\/1-63A7A6B9-6FEC-40C3-BCEE-BD0BD3F734E7-2048x1366.jpg 2048w, https:\/\/useoccs.com.br\/wp-content\/uploads\/2023\/05\/1-63A7A6B9-6FEC-40C3-BCEE-BD0BD3F734E7-1200x800.jpg 1200w, https:\/\/useoccs.com.br\/wp-content\/uploads\/2023\/05\/1-63A7A6B9-6FEC-40C3-BCEE-BD0BD3F734E7-148x99.jpg 148w\" sizes=\"(max-width: 1024px) 100vw, 1024px\" loading=\"lazy\" \/>\t\t<\/div>\n\n\t\t\t\t<a class=\"wd-post-link wd-fill\" href=\"https:\/\/useoccs.com.br\/iniciativas\/medicos-sem-fronteiras\/doacoes-salvam-acredite\/\" rel=\"bookmark\" aria-label=\"Link on post Doa\u00e7\u00f5es salvam, acredite!\"><\/a>\n\n\t\t<div class=\"wd-post-header\">\n\t\t\t\t\t\t\t<div class=\"wd-meta-author\">\n\t\t\t\t\t\t\t<span>\n\t\t\t\t\t<\/span>\n\n\t\t\t\t\t<img alt='author-avatar' src='https:\/\/secure.gravatar.com\/avatar\/d3d09f30547d3dcdc591edc604ec6590b41e8cad2cc972227c448a27f06c19e0?s=32&#038;r=g' srcset='https:\/\/secure.gravatar.com\/avatar\/d3d09f30547d3dcdc591edc604ec6590b41e8cad2cc972227c448a27f06c19e0?s=64&#038;r=g 2x' class='avatar avatar-32 photo' height='32' width='32' decoding='async'\/>\t\t\n\t\t<a href=\"https:\/\/useoccs.com.br\/author\/adm2n\/\" rel=\"author\">\n\t\t\t<span class=\"vcard author author_name\">\n\t\t\t\t<span class=\"fn\">OCCs<\/span>\n\t\t\t<\/span>\n\t\t<\/a>\n\t\t\t\t\t\t<\/div>\n\t\t\t\n\t\t\t<div class=\"wd-post-actions\">\n\t\t\t\t\t\t\t\t\t<div class=\"wd-post-share wd-tltp wd-tltp-left\">\n\t\t\t\t\t\t<div class=\"wd-tooltip-label\">\n\t\t\t\t\t\t\t\n\t\t\t<div class=\"wd-social-icons icons-design-default icons-size-small color-scheme-light social-share social-form-circle text-center\">\n\n\t\t\t\t\n\t\t\t\t\t\t\t\t\t<a rel=\"noopener noreferrer nofollow\" href=\"https:\/\/www.facebook.com\/sharer\/sharer.php?u=https:\/\/useoccs.com.br\/iniciativas\/medicos-sem-fronteiras\/doacoes-salvam-acredite\/\" target=\"_blank\" class=\" wd-social-icon social-facebook\" aria-label=\"Facebook social link\">\n\t\t\t\t\t\t<span class=\"wd-icon\"><\/span>\n\t\t\t\t\t\t\t\t\t\t\t<\/a>\n\t\t\t\t\n\t\t\t\t\t\t\t\t\t<a rel=\"noopener noreferrer nofollow\" href=\"https:\/\/twitter.com\/share?url=https:\/\/useoccs.com.br\/iniciativas\/medicos-sem-fronteiras\/doacoes-salvam-acredite\/\" target=\"_blank\" class=\" wd-social-icon social-twitter\" aria-label=\"Twitter social link\">\n\t\t\t\t\t\t<span class=\"wd-icon\"><\/span>\n\t\t\t\t\t\t\t\t\t\t\t<\/a>\n\t\t\t\t\n\t\t\t\t\n\t\t\t\t\n\t\t\t\t\n\t\t\t\t\t\t\t\t\t<a rel=\"noopener noreferrer nofollow\" href=\"https:\/\/pinterest.com\/pin\/create\/button\/?url=https:\/\/useoccs.com.br\/iniciativas\/medicos-sem-fronteiras\/doacoes-salvam-acredite\/&media=https:\/\/useoccs.com.br\/wp-content\/uploads\/2023\/05\/1-63A7A6B9-6FEC-40C3-BCEE-BD0BD3F734E7-scaled.jpg&description=Doa%C3%A7%C3%B5es+salvam%2C+acredite%21\" target=\"_blank\" class=\" wd-social-icon social-pinterest\" aria-label=\"Pinterest social link\">\n\t\t\t\t\t\t<span class=\"wd-icon\"><\/span>\n\t\t\t\t\t\t\t\t\t\t\t<\/a>\n\t\t\t\t\n\t\t\t\t\n\t\t\t\t\t\t\t\t\t<a rel=\"noopener noreferrer nofollow\" href=\"https:\/\/www.linkedin.com\/shareArticle?mini=true&url=https:\/\/useoccs.com.br\/iniciativas\/medicos-sem-fronteiras\/doacoes-salvam-acredite\/\" target=\"_blank\" class=\" wd-social-icon social-linkedin\" aria-label=\"Linkedin social link\">\n\t\t\t\t\t\t<span class=\"wd-icon\"><\/span>\n\t\t\t\t\t\t\t\t\t\t\t<\/a>\n\t\t\t\t\n\t\t\t\t\n\t\t\t\t\n\t\t\t\t\n\t\t\t\t\n\t\t\t\t\n\t\t\t\t\n\t\t\t\t\n\t\t\t\t\n\t\t\t\t\n\t\t\t\t\t\t\t\t\n\t\t\t\t\t\t\t\t\n\t\t\t\t\n\t\t\t\t\t\t\t\t\t<a rel=\"noopener noreferrer nofollow\" href=\"https:\/\/telegram.me\/share\/url?url=https:\/\/useoccs.com.br\/iniciativas\/medicos-sem-fronteiras\/doacoes-salvam-acredite\/\" target=\"_blank\" class=\" wd-social-icon social-tg\" aria-label=\"Telegram social link\">\n\t\t\t\t\t\t<span class=\"wd-icon\"><\/span>\n\t\t\t\t\t\t\t\t\t\t\t<\/a>\n\t\t\t\t\t\t\t\t\n\t\t\t\t\n\t\t\t<\/div>\n\n\t\t\t\t\t\t\t\t<\/div>\n\t\t\t\t\t<\/div>\n\t\t\t\t\n\t\t\t\t\t\t\t\t\t<div class=\"wd-meta-reply\">\n\t\t\t\t\t\t<a href=\"https:\/\/useoccs.com.br\/iniciativas\/medicos-sem-fronteiras\/doacoes-salvam-acredite\/#respond\"><span class=\"replies-count\">0<\/span> <span class=\"replies-count-label\">coment\u00e1rios<\/span><\/a>\t\t\t\t\t<\/div>\n\t\t\t\t\t\t\t<\/div>\n\t\t<\/div>\n\t<\/div>\n\n\t<div class=\"wd-post-content\">\n\t\t<div class=\"wd-post-entry-meta\">\n\t\t\t\t\t\t\t\t\t\t<div class=\"wd-post-cat wd-style-default\">\n\t\t\t\t\t<a href=\"https:\/\/useoccs.com.br\/category\/iniciativas\/medicos-sem-fronteiras\/\" rel=\"category tag\">M\u00e9dicos Sem Fronteiras<\/a>\t\t\t\t<\/div>\n\t\t\t\n\t\t\t<div class=\"wd-modified-date\">\n\t\t\t\t\t\t<time class=\"updated\" datetime=\"2023-05-23T18:24:00-03:00\">\n\t\t\t23\/05\/2023\t\t<\/time>\n\t\t\t\t\t<\/div>\n\n\t\t\t<div class=\"wd-meta-date\">\n\t\t\t\t10 maio 2023\t\t\t<\/div>\n\t\t<\/div>\n\n\t\t\t\t\t<h3 class=\"wd-entities-title title post-title\">\n\t\t\t\t<a href=\"https:\/\/useoccs.com.br\/iniciativas\/medicos-sem-fronteiras\/doacoes-salvam-acredite\/\" rel=\"bookmark\">\n\t\t\t\t\tDoa\u00e7\u00f5es salvam, acredite!\t\t\t\t<\/a>\n\t\t\t<\/h3>\n\t\t\n\t\t<div class=\"wd-entry-content\">\n\t\t\t\t\t\t\t\nVoc\u00ea sabia que crian\u00e7as pequenas e beb\u00eas s\u00e3o particularmente propensos a formas graves e fatais da tuberculose? Por isso, sempre...\t\t\t\t\t\t\t\t\t<\/div>\n\n\t\t\t\t\t<div class=\"wd-read-more\">\n\t\t\t\t<a class=\"btn-read-more more-link\" href=\"https:\/\/useoccs.com.br\/iniciativas\/medicos-sem-fronteiras\/doacoes-salvam-acredite\/\">Saiba mais<\/a>\t\t\t<\/div>\n\t\t\t<\/div>\n\n\t\t\t<\/div>\n\t<\/article>\n\t\t\t\t\t\t\t\t\t\t\t\n<article id=\"post-10596\" class=\"blog-design-meta-image blog-post-loop blog-style-bg wd-add-shadow  col-lg-4 col-md-4 col-sm-6 col-12 post-10596 post type-post status-publish format-standard has-post-thumbnail hentry category-medicos-sem-fronteiras\">\n\t\t\t<div class=\"wd-post-inner\">\n\t\n\t<div class=\"wd-post-thumb color-scheme-light\">\n\t\t<div class=\"wd-post-img\">\n\t\t\t<img width=\"750\" height=\"960\" src=\"https:\/\/useoccs.com.br\/wp-content\/uploads\/2023\/05\/1A-1.jpg\" class=\"attachment-large size-large wp-image-10629\" alt=\"\" decoding=\"async\" srcset=\"https:\/\/useoccs.com.br\/wp-content\/uploads\/2023\/05\/1A-1.jpg 750w, https:\/\/useoccs.com.br\/wp-content\/uploads\/2023\/05\/1A-1-234x300.jpg 234w, https:\/\/useoccs.com.br\/wp-content\/uploads\/2023\/05\/1A-1-148x189.jpg 148w\" sizes=\"(max-width: 750px) 100vw, 750px\" loading=\"lazy\" \/>\t\t<\/div>\n\n\t\t\t\t<a class=\"wd-post-link wd-fill\" href=\"https:\/\/useoccs.com.br\/iniciativas\/medicos-sem-fronteiras\/somos-doadores\/\" rel=\"bookmark\" aria-label=\"Link on post Somos doadores!!!\"><\/a>\n\n\t\t<div class=\"wd-post-header\">\n\t\t\t\t\t\t\t<div class=\"wd-meta-author\">\n\t\t\t\t\t\t\t<span>\n\t\t\t\t\t<\/span>\n\n\t\t\t\t\t<img alt='author-avatar' src='https:\/\/secure.gravatar.com\/avatar\/d3d09f30547d3dcdc591edc604ec6590b41e8cad2cc972227c448a27f06c19e0?s=32&#038;r=g' srcset='https:\/\/secure.gravatar.com\/avatar\/d3d09f30547d3dcdc591edc604ec6590b41e8cad2cc972227c448a27f06c19e0?s=64&#038;r=g 2x' class='avatar avatar-32 photo' height='32' width='32' decoding='async'\/>\t\t\n\t\t<a href=\"https:\/\/useoccs.com.br\/author\/adm2n\/\" rel=\"author\">\n\t\t\t<span class=\"vcard author author_name\">\n\t\t\t\t<span class=\"fn\">OCCs<\/span>\n\t\t\t<\/span>\n\t\t<\/a>\n\t\t\t\t\t\t<\/div>\n\t\t\t\n\t\t\t<div class=\"wd-post-actions\">\n\t\t\t\t\t\t\t\t\t<div class=\"wd-post-share wd-tltp wd-tltp-left\">\n\t\t\t\t\t\t<div class=\"wd-tooltip-label\">\n\t\t\t\t\t\t\t\n\t\t\t<div class=\"wd-social-icons icons-design-default icons-size-small color-scheme-light social-share social-form-circle text-center\">\n\n\t\t\t\t\n\t\t\t\t\t\t\t\t\t<a rel=\"noopener noreferrer nofollow\" href=\"https:\/\/www.facebook.com\/sharer\/sharer.php?u=https:\/\/useoccs.com.br\/iniciativas\/medicos-sem-fronteiras\/somos-doadores\/\" target=\"_blank\" class=\" wd-social-icon social-facebook\" aria-label=\"Facebook social link\">\n\t\t\t\t\t\t<span class=\"wd-icon\"><\/span>\n\t\t\t\t\t\t\t\t\t\t\t<\/a>\n\t\t\t\t\n\t\t\t\t\t\t\t\t\t<a rel=\"noopener noreferrer nofollow\" href=\"https:\/\/twitter.com\/share?url=https:\/\/useoccs.com.br\/iniciativas\/medicos-sem-fronteiras\/somos-doadores\/\" target=\"_blank\" class=\" wd-social-icon social-twitter\" aria-label=\"Twitter social link\">\n\t\t\t\t\t\t<span class=\"wd-icon\"><\/span>\n\t\t\t\t\t\t\t\t\t\t\t<\/a>\n\t\t\t\t\n\t\t\t\t\n\t\t\t\t\n\t\t\t\t\n\t\t\t\t\t\t\t\t\t<a rel=\"noopener noreferrer nofollow\" href=\"https:\/\/pinterest.com\/pin\/create\/button\/?url=https:\/\/useoccs.com.br\/iniciativas\/medicos-sem-fronteiras\/somos-doadores\/&media=https:\/\/useoccs.com.br\/wp-content\/uploads\/2023\/05\/1A-1.jpg&description=Somos+doadores%21%21%21\" target=\"_blank\" class=\" wd-social-icon social-pinterest\" aria-label=\"Pinterest social link\">\n\t\t\t\t\t\t<span class=\"wd-icon\"><\/span>\n\t\t\t\t\t\t\t\t\t\t\t<\/a>\n\t\t\t\t\n\t\t\t\t\n\t\t\t\t\t\t\t\t\t<a rel=\"noopener noreferrer nofollow\" href=\"https:\/\/www.linkedin.com\/shareArticle?mini=true&url=https:\/\/useoccs.com.br\/iniciativas\/medicos-sem-fronteiras\/somos-doadores\/\" target=\"_blank\" class=\" wd-social-icon social-linkedin\" aria-label=\"Linkedin social link\">\n\t\t\t\t\t\t<span class=\"wd-icon\"><\/span>\n\t\t\t\t\t\t\t\t\t\t\t<\/a>\n\t\t\t\t\n\t\t\t\t\n\t\t\t\t\n\t\t\t\t\n\t\t\t\t\n\t\t\t\t\n\t\t\t\t\n\t\t\t\t\n\t\t\t\t\n\t\t\t\t\n\t\t\t\t\t\t\t\t\n\t\t\t\t\t\t\t\t\n\t\t\t\t\n\t\t\t\t\t\t\t\t\t<a rel=\"noopener noreferrer nofollow\" href=\"https:\/\/telegram.me\/share\/url?url=https:\/\/useoccs.com.br\/iniciativas\/medicos-sem-fronteiras\/somos-doadores\/\" target=\"_blank\" class=\" wd-social-icon social-tg\" aria-label=\"Telegram social link\">\n\t\t\t\t\t\t<span class=\"wd-icon\"><\/span>\n\t\t\t\t\t\t\t\t\t\t\t<\/a>\n\t\t\t\t\t\t\t\t\n\t\t\t\t\n\t\t\t<\/div>\n\n\t\t\t\t\t\t\t\t<\/div>\n\t\t\t\t\t<\/div>\n\t\t\t\t\n\t\t\t\t\t\t\t\t\t<div class=\"wd-meta-reply\">\n\t\t\t\t\t\t<a href=\"https:\/\/useoccs.com.br\/iniciativas\/medicos-sem-fronteiras\/somos-doadores\/#respond\"><span class=\"replies-count\">0<\/span> <span class=\"replies-count-label\">coment\u00e1rios<\/span><\/a>\t\t\t\t\t<\/div>\n\t\t\t\t\t\t\t<\/div>\n\t\t<\/div>\n\t<\/div>\n\n\t<div class=\"wd-post-content\">\n\t\t<div class=\"wd-post-entry-meta\">\n\t\t\t\t\t\t\t\t\t\t<div class=\"wd-post-cat wd-style-default\">\n\t\t\t\t\t<a href=\"https:\/\/useoccs.com.br\/category\/iniciativas\/medicos-sem-fronteiras\/\" rel=\"category tag\">M\u00e9dicos Sem Fronteiras<\/a>\t\t\t\t<\/div>\n\t\t\t\n\t\t\t<div class=\"wd-modified-date\">\n\t\t\t\t\t\t<time class=\"updated\" datetime=\"2023-05-23T18:24:00-03:00\">\n\t\t\t23\/05\/2023\t\t<\/time>\n\t\t\t\t\t<\/div>\n\n\t\t\t<div class=\"wd-meta-date\">\n\t\t\t\t08 maio 2023\t\t\t<\/div>\n\t\t<\/div>\n\n\t\t\t\t\t<h3 class=\"wd-entities-title title post-title\">\n\t\t\t\t<a href=\"https:\/\/useoccs.com.br\/iniciativas\/medicos-sem-fronteiras\/somos-doadores\/\" rel=\"bookmark\">\n\t\t\t\t\tSomos doadores!!!\t\t\t\t<\/a>\n\t\t\t<\/h3>\n\t\t\n\t\t<div class=\"wd-entry-content\">\n\t\t\t\t\t\t\t\nSomos doadores M\u00e9dicos Sem Fronteiras, causas humanit\u00e1rias, inclusivas e de suporte aos mais vulner\u00e1veis nos interessam.\n\t\t\t\t\t\t\t\t\t<\/div>\n\n\t\t\t\t\t<div class=\"wd-read-more\">\n\t\t\t\t<a class=\"btn-read-more more-link\" href=\"https:\/\/useoccs.com.br\/iniciativas\/medicos-sem-fronteiras\/somos-doadores\/\">Saiba mais<\/a>\t\t\t<\/div>\n\t\t\t<\/div>\n\n\t\t\t<\/div>\n\t<\/article>\n\t\t\t\t\t\n\t\t\t\t\t","status":"no-more-posts","nextPage":"?woo_ajax=1","currentPage":"https:\/\/useoccs.com.br\/author\/adm2n\/page\/2"}